{"id":21873,"date":"2025-11-07T09:26:42","date_gmt":"2025-11-07T14:26:42","guid":{"rendered":"https:\/\/www.iser.edu.co\/?p=21873"},"modified":"2025-11-07T09:28:45","modified_gmt":"2025-11-07T14:28:45","slug":"estudiantes-del-programa-de-tecnologia-en-gestion-comunitaria-modalidad-presencial-cucuta-del-instituto-superior-de-educacion-rural-iser-participaron-en-una-actividad-socioeducativa","status":"publish","type":"post","link":"https:\/\/www.iser.edu.co\/index.php\/2025\/11\/07\/estudiantes-del-programa-de-tecnologia-en-gestion-comunitaria-modalidad-presencial-cucuta-del-instituto-superior-de-educacion-rural-iser-participaron-en-una-actividad-socioeducativa\/","title":{"rendered":"Estudiantes del programa de Tecnolog\u00eda en Gesti\u00f3n Comunitaria \u2013 modalidad presencial C\u00facuta del Instituto Superior de Educaci\u00f3n Rural ISER participaron en una actividad socioeducativa"},"content":{"rendered":"\t\t<div data-elementor-type=\"wp-post\" data-elementor-id=\"21873\" class=\"elementor elementor-21873\" data-elementor-post-type=\"post\">\n\t\t\t\t\t\t<section class=\"elementor-section elementor-top-section elementor-element elementor-element-58780e7 elementor-section-boxed elementor-section-height-default elementor-section-height-default\" data-id=\"58780e7\" data-element_type=\"section\" data-settings=\"{&quot;jet_parallax_layout_list&quot;:[],&quot;_ha_eqh_enable&quot;:false}\">\n\t\t\t\t\t\t<div class=\"elementor-container elementor-column-gap-default\">\n\t\t\t\t\t<div class=\"elementor-column elementor-col-100 elementor-top-column elementor-element elementor-element-749eb7b\" data-id=\"749eb7b\" data-element_type=\"column\">\n\t\t\t<div class=\"elementor-widget-wrap elementor-element-populated\">\n\t\t\t\t\t\t<div class=\"elementor-element elementor-element-d6280fb elementor-widget-divider--view-line elementor-widget elementor-widget-divider\" data-id=\"d6280fb\" data-element_type=\"widget\" data-widget_type=\"divider.default\">\n\t\t\t\t<div class=\"elementor-widget-container\">\n\t\t\t\t\t<div class=\"elementor-divider\">\n\t\t\t<span class=\"elementor-divider-separator\">\n\t\t\t\t\t\t<\/span>\n\t\t<\/div>\n\t\t\t\t<\/div>\n\t\t\t\t<\/div>\n\t\t\t\t\t<\/div>\n\t\t<\/div>\n\t\t\t\t\t<\/div>\n\t\t<\/section>\n\t\t\t\t<section class=\"elementor-section elementor-top-section elementor-element elementor-element-6addfd3 elementor-section-boxed elementor-section-height-default elementor-section-height-default\" data-id=\"6addfd3\" data-element_type=\"section\" data-settings=\"{&quot;jet_parallax_layout_list&quot;:[],&quot;_ha_eqh_enable&quot;:false}\">\n\t\t\t\t\t\t<div class=\"elementor-container elementor-column-gap-default\">\n\t\t\t\t\t<div class=\"elementor-column elementor-col-100 elementor-top-column elementor-element elementor-element-98a3b94\" data-id=\"98a3b94\" data-element_type=\"column\">\n\t\t\t<div class=\"elementor-widget-wrap elementor-element-populated\">\n\t\t\t\t\t\t<div class=\"elementor-element elementor-element-09701d0 elementor-widget elementor-widget-heading\" data-id=\"09701d0\" data-element_type=\"widget\" data-widget_type=\"heading.default\">\n\t\t\t\t<div class=\"elementor-widget-container\">\n\t\t\t<h2 class=\"elementor-heading-title elementor-size-default\">Estudiantes del programa de Tecnolog\u00eda en Gesti\u00f3n Comunitaria \u2013 modalidad presencial C\u00facuta del Instituto Superior de Educaci\u00f3n Rural ISER participaron en una actividad socioeducativa<\/h2>\t\t<\/div>\n\t\t\t\t<\/div>\n\t\t\t\t\t<\/div>\n\t\t<\/div>\n\t\t\t\t\t<\/div>\n\t\t<\/section>\n\t\t\t\t<section class=\"elementor-section elementor-top-section elementor-element elementor-element-cf0ed58 elementor-section-boxed elementor-section-height-default elementor-section-height-default\" data-id=\"cf0ed58\" data-element_type=\"section\" data-settings=\"{&quot;jet_parallax_layout_list&quot;:[],&quot;_ha_eqh_enable&quot;:false}\">\n\t\t\t\t\t\t<div class=\"elementor-container elementor-column-gap-default\">\n\t\t\t\t\t<div class=\"elementor-column elementor-col-100 elementor-top-column elementor-element elementor-element-7e8ffb2\" data-id=\"7e8ffb2\" data-element_type=\"column\">\n\t\t\t<div class=\"elementor-widget-wrap elementor-element-populated\">\n\t\t\t\t\t\t<div class=\"elementor-element elementor-element-4ca7a4d elementor-widget-divider--view-line elementor-widget elementor-widget-divider\" data-id=\"4ca7a4d\" data-element_type=\"widget\" data-widget_type=\"divider.default\">\n\t\t\t\t<div class=\"elementor-widget-container\">\n\t\t\t\t\t<div class=\"elementor-divider\">\n\t\t\t<span class=\"elementor-divider-separator\">\n\t\t\t\t\t\t<\/span>\n\t\t<\/div>\n\t\t\t\t<\/div>\n\t\t\t\t<\/div>\n\t\t\t\t\t<\/div>\n\t\t<\/div>\n\t\t\t\t\t<\/div>\n\t\t<\/section>\n\t\t\t\t<section class=\"elementor-section elementor-top-section elementor-element elementor-element-4c3be64 elementor-section-boxed elementor-section-height-default elementor-section-height-default\" data-id=\"4c3be64\" data-element_type=\"section\" data-settings=\"{&quot;jet_parallax_layout_list&quot;:[],&quot;_ha_eqh_enable&quot;:false}\">\n\t\t\t\t\t\t<div class=\"elementor-container elementor-column-gap-default\">\n\t\t\t\t\t<div class=\"elementor-column elementor-col-50 elementor-top-column elementor-element elementor-element-89c6fa9\" data-id=\"89c6fa9\" data-element_type=\"column\">\n\t\t\t<div class=\"elementor-widget-wrap elementor-element-populated\">\n\t\t\t\t\t\t<div class=\"elementor-element elementor-element-eb147d2 elementor-widget__width-initial elementor-arrows-position-inside elementor-pagination-position-outside elementor-widget elementor-widget-image-carousel\" data-id=\"eb147d2\" data-element_type=\"widget\" data-settings=\"{&quot;slides_to_show&quot;:&quot;1&quot;,&quot;navigation&quot;:&quot;both&quot;,&quot;autoplay&quot;:&quot;yes&quot;,&quot;pause_on_hover&quot;:&quot;yes&quot;,&quot;pause_on_interaction&quot;:&quot;yes&quot;,&quot;autoplay_speed&quot;:5000,&quot;infinite&quot;:&quot;yes&quot;,&quot;effect&quot;:&quot;slide&quot;,&quot;speed&quot;:500}\" data-widget_type=\"image-carousel.default\">\n\t\t\t\t<div class=\"elementor-widget-container\">\n\t\t\t\t\t<div class=\"elementor-image-carousel-wrapper swiper\" dir=\"ltr\">\n\t\t\t<div class=\"elementor-image-carousel swiper-wrapper swiper-image-stretch\" aria-live=\"off\">\n\t\t\t\t\t\t\t\t<div class=\"swiper-slide\" role=\"group\" aria-roledescription=\"slide\" aria-label=\"1 of 4\"><figure class=\"swiper-slide-inner\"><img decoding=\"async\" class=\"swiper-slide-image lazyload\" src=\"data:image\/gif;base64,R0lGODlhAQABAAAAACH5BAEKAAEALAAAAAABAAEAAAICTAEAOw==\" alt=\"Estudiantes del programa de Tecnolog\u00eda en Gesti\u00f3n Comunitaria \u2013 modalidad presencial C\u00facuta del Instituto Superior de Educaci\u00f3n Rural ISER participaron en una actividad socioeducativa\" data-src=\"https:\/\/www.iser.edu.co\/wp-content\/uploads\/2025\/11\/577807041_1645944580151014_7634923010733735019_n.jpg\"><\/figure><\/div><div class=\"swiper-slide\" role=\"group\" aria-roledescription=\"slide\" aria-label=\"2 of 4\"><figure class=\"swiper-slide-inner\"><img decoding=\"async\" class=\"swiper-slide-image lazyload\" src=\"data:image\/gif;base64,R0lGODlhAQABAAAAACH5BAEKAAEALAAAAAABAAEAAAICTAEAOw==\" alt=\"Estudiantes del programa de Tecnolog\u00eda en Gesti\u00f3n Comunitaria \u2013 modalidad presencial C\u00facuta del Instituto Superior de Educaci\u00f3n Rural ISER participaron en una actividad socioeducativa\" data-src=\"https:\/\/www.iser.edu.co\/wp-content\/uploads\/2025\/11\/578273215_1645944543484351_4383333143849880264_n.jpg\"><\/figure><\/div><div class=\"swiper-slide\" role=\"group\" aria-roledescription=\"slide\" aria-label=\"3 of 4\"><figure class=\"swiper-slide-inner\"><img decoding=\"async\" class=\"swiper-slide-image lazyload\" src=\"data:image\/gif;base64,R0lGODlhAQABAAAAACH5BAEKAAEALAAAAAABAAEAAAICTAEAOw==\" alt=\"Estudiantes del programa de Tecnolog\u00eda en Gesti\u00f3n Comunitaria \u2013 modalidad presencial C\u00facuta del Instituto Superior de Educaci\u00f3n Rural ISER participaron en una actividad socioeducativa\" data-src=\"https:\/\/www.iser.edu.co\/wp-content\/uploads\/2025\/11\/578260818_1645944566817682_9139273871534429596_n.jpg\"><\/figure><\/div><div class=\"swiper-slide\" role=\"group\" aria-roledescription=\"slide\" aria-label=\"4 of 4\"><figure class=\"swiper-slide-inner\"><img decoding=\"async\" class=\"swiper-slide-image lazyload\" src=\"data:image\/gif;base64,R0lGODlhAQABAAAAACH5BAEKAAEALAAAAAABAAEAAAICTAEAOw==\" alt=\"Estudiantes del programa de Tecnolog\u00eda en Gesti\u00f3n Comunitaria \u2013 modalidad presencial C\u00facuta del Instituto Superior de Educaci\u00f3n Rural ISER participaron en una actividad socioeducativa\" data-src=\"https:\/\/www.iser.edu.co\/wp-content\/uploads\/2025\/11\/578254005_1645944663484339_7960099395611880971_n.jpg\"><\/figure><\/div>\t\t\t<\/div>\n\t\t\t\t\t\t\t\t\t\t\t\t<div class=\"elementor-swiper-button elementor-swiper-button-prev\" role=\"button\" tabindex=\"0\">\n\t\t\t\t\t\t<i aria-hidden=\"true\" class=\"eicon-chevron-left\"><\/i>\t\t\t\t\t<\/div>\n\t\t\t\t\t<div class=\"elementor-swiper-button elementor-swiper-button-next\" role=\"button\" tabindex=\"0\">\n\t\t\t\t\t\t<i aria-hidden=\"true\" class=\"eicon-chevron-right\"><\/i>\t\t\t\t\t<\/div>\n\t\t\t\t\n\t\t\t\t\t\t\t\t\t<div class=\"swiper-pagination\"><\/div>\n\t\t\t\t\t\t\t\t\t<\/div>\n\t\t\t\t<\/div>\n\t\t\t\t<\/div>\n\t\t\t\t\t<\/div>\n\t\t<\/div>\n\t\t\t\t<div class=\"elementor-column elementor-col-50 elementor-top-column elementor-element elementor-element-0f10441\" data-id=\"0f10441\" data-element_type=\"column\">\n\t\t\t<div class=\"elementor-widget-wrap elementor-element-populated\">\n\t\t\t\t\t\t<div class=\"elementor-element elementor-element-75ec1ff elementor-widget elementor-widget-text-editor\" data-id=\"75ec1ff\" data-element_type=\"widget\" data-widget_type=\"text-editor.default\">\n\t\t\t\t<div class=\"elementor-widget-container\">\n\t\t\t\t\t\t\t<div class=\"xdj266r x14z9mp xat24cr x1lziwak x1vvkbs x126k92a\"><div dir=\"auto\">Estudiantes del programa de Tecnolog\u00eda en Gesti\u00f3n Comunitaria \u2013 modalidad presencial C\u00facuta del Instituto Superior de Educaci\u00f3n Rural ISER participaron en una actividad socioeducativa realizada en el municipio de Bochalema, como parte de los cursos de Pr\u00e1ctica Comunitaria y Grupos Sociales, bajo la orientaci\u00f3n de las profesoras Yurani Ayala y Lucero Moreno.<\/div><\/div><div class=\"x14z9mp xat24cr x1lziwak x1vvkbs xtlvy1s x126k92a\"><div dir=\"auto\">La jornada, desarrollada en articulaci\u00f3n con la Alcald\u00eda Municipal de Bochalema, estuvo dirigida a la poblaci\u00f3n de adultos mayores del municipio, con el prop\u00f3sito de promover espacios de encuentro, integraci\u00f3n y bienestar.<\/div><\/div><div class=\"x14z9mp xat24cr x1lziwak x1vvkbs xtlvy1s x126k92a\"><div dir=\"auto\">Durante la actividad participaron 32 adultos mayores, quienes disfrutaron de din\u00e1micas de reflexi\u00f3n, recreaci\u00f3n y aprendizaje dise\u00f1adas por los estudiantes. El evento permiti\u00f3 resaltar la creatividad, compromiso y liderazgo de los futuros gestores comunitarios, evidenciando su capacidad para fortalecer el tejido social y contribuir al desarrollo humano desde una perspectiva participativa e incluyente.<\/div><div dir=\"auto\">\u00a0<\/div><\/div><div class=\"x14z9mp xat24cr x1lziwak x1vvkbs xtlvy1s x126k92a\"><div dir=\"auto\">Esta experiencia reafirma el compromiso del programa de Gesti\u00f3n Comunitaria del ISER con la formaci\u00f3n pr\u00e1ctica, el trabajo directo con las comunidades y la construcci\u00f3n de aprendizajes significativos que impacten positivamente los territorios.<\/div><\/div>\t\t\t\t\t\t<\/div>\n\t\t\t\t<\/div>\n\t\t\t\t\t<\/div>\n\t\t<\/div>\n\t\t\t\t\t<\/div>\n\t\t<\/section>\n\t\t\t\t<\/div>\n\t\t","protected":false},"excerpt":{"rendered":"<p>Estudiantes del programa de Tecnolog\u00eda en Gesti\u00f3n Comunitaria \u2013 modalidad presencial C\u00facuta del Instituto Superior de Educaci\u00f3n Rural ISER participaron en una actividad socioeducativa Estudiantes del programa de Tecnolog\u00eda en Gesti\u00f3n Comunitaria \u2013 modalidad presencial C\u00facuta del Instituto Superior de Educaci\u00f3n Rural ISER participaron en una actividad socioeducativa realizada en el municipio de Bochalema, como&#8230;<\/p>\n<div class=\"pvc_clear\"><\/div>\n<p id=\"pvc_stats_21873\" class=\"pvc_stats all  \" data-element-id=\"21873\" style=\"\"><i class=\"pvc-stats-icon medium\" aria-hidden=\"true\"><svg aria-hidden=\"true\" focusable=\"false\" data-prefix=\"far\" data-icon=\"chart-bar\" role=\"img\" xmlns=\"http:\/\/www.w3.org\/2000\/svg\" viewBox=\"0 0 512 512\" class=\"svg-inline--fa fa-chart-bar fa-w-16 fa-2x\"><path fill=\"currentColor\" d=\"M396.8 352h22.4c6.4 0 12.8-6.4 12.8-12.8V108.8c0-6.4-6.4-12.8-12.8-12.8h-22.4c-6.4 0-12.8 6.4-12.8 12.8v230.4c0 6.4 6.4 12.8 12.8 12.8zm-192 0h22.4c6.4 0 12.8-6.4 12.8-12.8V140.8c0-6.4-6.4-12.8-12.8-12.8h-22.4c-6.4 0-12.8 6.4-12.8 12.8v198.4c0 6.4 6.4 12.8 12.8 12.8zm96 0h22.4c6.4 0 12.8-6.4 12.8-12.8V204.8c0-6.4-6.4-12.8-12.8-12.8h-22.4c-6.4 0-12.8 6.4-12.8 12.8v134.4c0 6.4 6.4 12.8 12.8 12.8zM496 400H48V80c0-8.84-7.16-16-16-16H16C7.16 64 0 71.16 0 80v336c0 17.67 14.33 32 32 32h464c8.84 0 16-7.16 16-16v-16c0-8.84-7.16-16-16-16zm-387.2-48h22.4c6.4 0 12.8-6.4 12.8-12.8v-70.4c0-6.4-6.4-12.8-12.8-12.8h-22.4c-6.4 0-12.8 6.4-12.8 12.8v70.4c0 6.4 6.4 12.8 12.8 12.8z\" class=\"\"><\/path><\/svg><\/i> <img decoding=\"async\" width=\"16\" height=\"16\" alt=\"Loading\" src=\"https:\/\/www.iser.edu.co\/wp-content\/plugins\/page-views-count\/ajax-loader-2x.gif\" border=0 \/><\/p>\n<div class=\"pvc_clear\"><\/div>\n","protected":false},"author":1,"featured_media":21876,"comment_status":"open","ping_status":"open","sticky":false,"template":"","format":"standard","meta":{"_kadence_starter_templates_imported_post":false,"_kad_post_transparent":"","_kad_post_title":"","_kad_post_layout":"","_kad_post_sidebar_id":"","_kad_post_content_style":"","_kad_post_vertical_padding":"","_kad_post_feature":"","_kad_post_feature_position":"","_kad_post_header":false,"_kad_post_footer":false,"footnotes":""},"categories":[30],"tags":[31],"_links":{"self":[{"href":"https:\/\/www.iser.edu.co\/index.php\/wp-json\/wp\/v2\/posts\/21873"}],"collection":[{"href":"https:\/\/www.iser.edu.co\/index.php\/wp-json\/wp\/v2\/posts"}],"about":[{"href":"https:\/\/www.iser.edu.co\/index.php\/wp-json\/wp\/v2\/types\/post"}],"author":[{"embeddable":true,"href":"https:\/\/www.iser.edu.co\/index.php\/wp-json\/wp\/v2\/users\/1"}],"replies":[{"embeddable":true,"href":"https:\/\/www.iser.edu.co\/index.php\/wp-json\/wp\/v2\/comments?post=21873"}],"version-history":[{"count":0,"href":"https:\/\/www.iser.edu.co\/index.php\/wp-json\/wp\/v2\/posts\/21873\/revisions"}],"wp:featuredmedia":[{"embeddable":true,"href":"https:\/\/www.iser.edu.co\/index.php\/wp-json\/wp\/v2\/media\/21876"}],"wp:attachment":[{"href":"https:\/\/www.iser.edu.co\/index.php\/wp-json\/wp\/v2\/media?parent=21873"}],"wp:term":[{"taxonomy":"category","embeddable":true,"href":"https:\/\/www.iser.edu.co\/index.php\/wp-json\/wp\/v2\/categories?post=21873"},{"taxonomy":"post_tag","embeddable":true,"href":"https:\/\/www.iser.edu.co\/index.php\/wp-json\/wp\/v2\/tags?post=21873"}],"curies":[{"name":"wp","href":"https:\/\/api.w.org\/{rel}","templated":true}]}}