{"id":26099,"date":"2026-04-28T16:36:53","date_gmt":"2026-04-28T21:36:53","guid":{"rendered":"https:\/\/www.iser.edu.co\/?p=26099"},"modified":"2026-04-29T12:48:58","modified_gmt":"2026-04-29T17:48:58","slug":"dia-del-idioma-y-fiesta-de-colores-fortalecieron-la-integracion-en-iser-cucuta","status":"publish","type":"post","link":"https:\/\/www.iser.edu.co\/index.php\/2026\/04\/28\/dia-del-idioma-y-fiesta-de-colores-fortalecieron-la-integracion-en-iser-cucuta\/","title":{"rendered":"D\u00eda del Idioma y Fiesta de Colores fortalecieron la integraci\u00f3n en ISER C\u00facuta"},"content":{"rendered":"\t\t<div data-elementor-type=\"wp-post\" data-elementor-id=\"26099\" class=\"elementor elementor-26099\" data-elementor-post-type=\"post\">\n\t\t\t\t\t\t<section class=\"elementor-section elementor-top-section elementor-element elementor-element-58780e7 elementor-section-boxed elementor-section-height-default elementor-section-height-default\" data-id=\"58780e7\" data-element_type=\"section\" data-settings=\"{&quot;jet_parallax_layout_list&quot;:[],&quot;_ha_eqh_enable&quot;:false}\">\n\t\t\t\t\t\t<div class=\"elementor-container elementor-column-gap-default\">\n\t\t\t\t\t<div class=\"elementor-column elementor-col-100 elementor-top-column elementor-element elementor-element-749eb7b\" data-id=\"749eb7b\" data-element_type=\"column\">\n\t\t\t<div class=\"elementor-widget-wrap elementor-element-populated\">\n\t\t\t\t\t\t<div class=\"elementor-element elementor-element-4ca7a4d elementor-widget-divider--view-line elementor-widget elementor-widget-divider\" data-id=\"4ca7a4d\" data-element_type=\"widget\" data-widget_type=\"divider.default\">\n\t\t\t\t<div class=\"elementor-widget-container\">\n\t\t\t\t\t<div class=\"elementor-divider\">\n\t\t\t<span class=\"elementor-divider-separator\">\n\t\t\t\t\t\t<\/span>\n\t\t<\/div>\n\t\t\t\t<\/div>\n\t\t\t\t<\/div>\n\t\t\t\t\t<\/div>\n\t\t<\/div>\n\t\t\t\t\t<\/div>\n\t\t<\/section>\n\t\t\t\t<section class=\"elementor-section elementor-top-section elementor-element elementor-element-cf0ed58 elementor-section-boxed elementor-section-height-default elementor-section-height-default\" data-id=\"cf0ed58\" data-element_type=\"section\" data-settings=\"{&quot;jet_parallax_layout_list&quot;:[],&quot;_ha_eqh_enable&quot;:false}\">\n\t\t\t\t\t\t<div class=\"elementor-container elementor-column-gap-default\">\n\t\t\t\t\t<div class=\"elementor-column elementor-col-100 elementor-top-column elementor-element elementor-element-7e8ffb2\" data-id=\"7e8ffb2\" data-element_type=\"column\">\n\t\t\t<div class=\"elementor-widget-wrap elementor-element-populated\">\n\t\t\t\t\t\t<div class=\"elementor-element elementor-element-09701d0 elementor-widget elementor-widget-heading\" data-id=\"09701d0\" data-element_type=\"widget\" data-widget_type=\"heading.default\">\n\t\t\t\t<div class=\"elementor-widget-container\">\n\t\t\t<h2 class=\"elementor-heading-title elementor-size-default\">D\u00eda del Idioma y Fiesta de Colores fortalecieron la integraci\u00f3n en ISER C\u00facuta<\/h2>\t\t<\/div>\n\t\t\t\t<\/div>\n\t\t\t\t<div class=\"elementor-element elementor-element-d6280fb elementor-widget-divider--view-line elementor-widget elementor-widget-divider\" data-id=\"d6280fb\" data-element_type=\"widget\" data-widget_type=\"divider.default\">\n\t\t\t\t<div class=\"elementor-widget-container\">\n\t\t\t\t\t<div class=\"elementor-divider\">\n\t\t\t<span class=\"elementor-divider-separator\">\n\t\t\t\t\t\t<\/span>\n\t\t<\/div>\n\t\t\t\t<\/div>\n\t\t\t\t<\/div>\n\t\t\t\t\t<\/div>\n\t\t<\/div>\n\t\t\t\t\t<\/div>\n\t\t<\/section>\n\t\t\t\t<section class=\"elementor-section elementor-top-section elementor-element elementor-element-4c3be64 elementor-section-boxed elementor-section-height-default elementor-section-height-default\" data-id=\"4c3be64\" data-element_type=\"section\" data-settings=\"{&quot;jet_parallax_layout_list&quot;:[],&quot;_ha_eqh_enable&quot;:false}\">\n\t\t\t\t\t\t<div class=\"elementor-container elementor-column-gap-default\">\n\t\t\t\t\t<div class=\"elementor-column elementor-col-50 elementor-top-column elementor-element elementor-element-89c6fa9\" data-id=\"89c6fa9\" data-element_type=\"column\">\n\t\t\t<div class=\"elementor-widget-wrap elementor-element-populated\">\n\t\t\t\t\t\t<div class=\"elementor-element elementor-element-eb147d2 elementor-widget__width-initial elementor-arrows-position-inside elementor-pagination-position-outside elementor-widget elementor-widget-image-carousel\" data-id=\"eb147d2\" data-element_type=\"widget\" data-settings=\"{&quot;slides_to_show&quot;:&quot;1&quot;,&quot;navigation&quot;:&quot;both&quot;,&quot;autoplay&quot;:&quot;yes&quot;,&quot;pause_on_hover&quot;:&quot;yes&quot;,&quot;pause_on_interaction&quot;:&quot;yes&quot;,&quot;autoplay_speed&quot;:5000,&quot;infinite&quot;:&quot;yes&quot;,&quot;effect&quot;:&quot;slide&quot;,&quot;speed&quot;:500}\" data-widget_type=\"image-carousel.default\">\n\t\t\t\t<div class=\"elementor-widget-container\">\n\t\t\t\t\t<div class=\"elementor-image-carousel-wrapper swiper\" dir=\"ltr\">\n\t\t\t<div class=\"elementor-image-carousel swiper-wrapper swiper-image-stretch\" aria-live=\"off\">\n\t\t\t\t\t\t\t\t<div class=\"swiper-slide\" role=\"group\" aria-roledescription=\"slide\" aria-label=\"1 of 5\"><figure class=\"swiper-slide-inner\"><img decoding=\"async\" class=\"swiper-slide-image lazyload\" src=\"data:image\/gif;base64,R0lGODlhAQABAAAAACH5BAEKAAEALAAAAAABAAEAAAICTAEAOw==\" alt=\"D\u00eda del Idioma y Fiesta de Colores fortalecieron la integraci\u00f3n en ISER C\u00facuta 1\" data-src=\"https:\/\/www.iser.edu.co\/wp-content\/uploads\/2026\/04\/Dia-del-Idioma-y-Fiesta-de-Colores-fortalecieron-la-integracion-en-ISER-Cucuta-1.jpg\"><\/figure><\/div><div class=\"swiper-slide\" role=\"group\" aria-roledescription=\"slide\" aria-label=\"2 of 5\"><figure class=\"swiper-slide-inner\"><img decoding=\"async\" class=\"swiper-slide-image lazyload\" src=\"data:image\/gif;base64,R0lGODlhAQABAAAAACH5BAEKAAEALAAAAAABAAEAAAICTAEAOw==\" alt=\"D\u00eda del Idioma y Fiesta de Colores fortalecieron la integraci\u00f3n en ISER C\u00facuta 2\" data-src=\"https:\/\/www.iser.edu.co\/wp-content\/uploads\/2026\/04\/Dia-del-Idioma-y-Fiesta-de-Colores-fortalecieron-la-integracion-en-ISER-Cucuta-2.jpg\"><\/figure><\/div><div class=\"swiper-slide\" role=\"group\" aria-roledescription=\"slide\" aria-label=\"3 of 5\"><figure class=\"swiper-slide-inner\"><img decoding=\"async\" class=\"swiper-slide-image lazyload\" src=\"data:image\/gif;base64,R0lGODlhAQABAAAAACH5BAEKAAEALAAAAAABAAEAAAICTAEAOw==\" alt=\"D\u00eda del Idioma y Fiesta de Colores fortalecieron la integraci\u00f3n en ISER C\u00facuta 3\" data-src=\"https:\/\/www.iser.edu.co\/wp-content\/uploads\/2026\/04\/Dia-del-Idioma-y-Fiesta-de-Colores-fortalecieron-la-integracion-en-ISER-Cucuta-3.jpg\"><\/figure><\/div><div class=\"swiper-slide\" role=\"group\" aria-roledescription=\"slide\" aria-label=\"4 of 5\"><figure class=\"swiper-slide-inner\"><img decoding=\"async\" class=\"swiper-slide-image lazyload\" src=\"data:image\/gif;base64,R0lGODlhAQABAAAAACH5BAEKAAEALAAAAAABAAEAAAICTAEAOw==\" alt=\"D\u00eda del Idioma y Fiesta de Colores fortalecieron la integraci\u00f3n en ISER C\u00facuta 4\" data-src=\"https:\/\/www.iser.edu.co\/wp-content\/uploads\/2026\/04\/Dia-del-Idioma-y-Fiesta-de-Colores-fortalecieron-la-integracion-en-ISER-Cucuta-4.jpg\"><\/figure><\/div><div class=\"swiper-slide\" role=\"group\" aria-roledescription=\"slide\" aria-label=\"5 of 5\"><figure class=\"swiper-slide-inner\"><img decoding=\"async\" class=\"swiper-slide-image lazyload\" src=\"data:image\/gif;base64,R0lGODlhAQABAAAAACH5BAEKAAEALAAAAAABAAEAAAICTAEAOw==\" alt=\"D\u00eda del Idioma y Fiesta de Colores fortalecieron la integraci\u00f3n en ISER C\u00facuta 5\" data-src=\"https:\/\/www.iser.edu.co\/wp-content\/uploads\/2026\/04\/Dia-del-Idioma-y-Fiesta-de-Colores-fortalecieron-la-integracion-en-ISER-Cucuta-5.jpg\"><\/figure><\/div>\t\t\t<\/div>\n\t\t\t\t\t\t\t\t\t\t\t\t<div class=\"elementor-swiper-button elementor-swiper-button-prev\" role=\"button\" tabindex=\"0\">\n\t\t\t\t\t\t<i aria-hidden=\"true\" class=\"eicon-chevron-left\"><\/i>\t\t\t\t\t<\/div>\n\t\t\t\t\t<div class=\"elementor-swiper-button elementor-swiper-button-next\" role=\"button\" tabindex=\"0\">\n\t\t\t\t\t\t<i aria-hidden=\"true\" class=\"eicon-chevron-right\"><\/i>\t\t\t\t\t<\/div>\n\t\t\t\t\n\t\t\t\t\t\t\t\t\t<div class=\"swiper-pagination\"><\/div>\n\t\t\t\t\t\t\t\t\t<\/div>\n\t\t\t\t<\/div>\n\t\t\t\t<\/div>\n\t\t\t\t\t<\/div>\n\t\t<\/div>\n\t\t\t\t<div class=\"elementor-column elementor-col-50 elementor-top-column elementor-element elementor-element-0f10441\" data-id=\"0f10441\" data-element_type=\"column\">\n\t\t\t<div class=\"elementor-widget-wrap elementor-element-populated\">\n\t\t\t\t\t\t<div class=\"elementor-element elementor-element-75ec1ff elementor-widget elementor-widget-text-editor\" data-id=\"75ec1ff\" data-element_type=\"widget\" data-widget_type=\"text-editor.default\">\n\t\t\t\t<div class=\"elementor-widget-container\">\n\t\t\t\t\t\t\t<div class=\"x14z9mp xat24cr x1lziwak x1vvkbs xtlvy1s x126k92a\"><div dir=\"auto\">El Lugar de Desarrollo C\u00facuta conmemor\u00f3 el D\u00eda del Idioma con jornadas especiales dirigidas a estudiantes de las modalidades presencial y a distancia. Integrando actividades acad\u00e9micas, recreativas y de bienestar.<\/div><div dir=\"auto\">\u00a0<\/div><\/div><div class=\"x14z9mp xat24cr x1lziwak x1vvkbs xtlvy1s x126k92a\"><div dir=\"auto\">La programaci\u00f3n incluy\u00f3 la Fiesta de Colores, juegos tradicionales y espacios de convivencia. Desarrollando a lo largo de la jornada actividades orientadas al fortalecimiento de las competencias comunicativas, la permanencia estudiantil y el sentido de pertenencia institucional.<\/div><div dir=\"auto\">\u00a0<\/div><\/div><div class=\"x14z9mp xat24cr x1lziwak x1vvkbs xtlvy1s x126k92a\"><div dir=\"auto\">Uno de los momentos m\u00e1s destacados fue la participaci\u00f3n de la estudiante Hannel Smellhi Duque Cely, de cuarto semestre de Tecnolog\u00eda en Gesti\u00f3n Comunitaria, quien comparti\u00f3 un valioso mensaje sobre el lenguaje como s\u00edmbolo de uni\u00f3n entre culturas.<\/div><div dir=\"auto\">\u00a0<\/div><\/div><div class=\"x14z9mp xat24cr x1lziwak x1vvkbs xtlvy1s x126k92a\"><div dir=\"auto\">Con estas iniciativas, Bienestar Institucional reafirma su compromiso con la formaci\u00f3n integral, la inclusi\u00f3n y la construcci\u00f3n de una comunidad estudiantil m\u00e1s unida y participativa.<\/div><\/div>\t\t\t\t\t\t<\/div>\n\t\t\t\t<\/div>\n\t\t\t\t\t<\/div>\n\t\t<\/div>\n\t\t\t\t\t<\/div>\n\t\t<\/section>\n\t\t\t\t<\/div>\n\t\t","protected":false},"excerpt":{"rendered":"<p>D\u00eda del Idioma y Fiesta de Colores fortalecieron la integraci\u00f3n en ISER C\u00facuta El Lugar de Desarrollo C\u00facuta conmemor\u00f3 el D\u00eda del Idioma con jornadas especiales dirigidas a estudiantes de las modalidades presencial y a distancia. Integrando actividades acad\u00e9micas, recreativas y de bienestar.\u00a0La programaci\u00f3n incluy\u00f3 la Fiesta de Colores, juegos tradicionales y espacios de convivencia&#8230;.<\/p>\n<div class=\"pvc_clear\"><\/div>\n<p id=\"pvc_stats_26099\" class=\"pvc_stats all  \" data-element-id=\"26099\" style=\"\"><i class=\"pvc-stats-icon medium\" aria-hidden=\"true\"><svg aria-hidden=\"true\" focusable=\"false\" data-prefix=\"far\" data-icon=\"chart-bar\" role=\"img\" xmlns=\"http:\/\/www.w3.org\/2000\/svg\" viewBox=\"0 0 512 512\" class=\"svg-inline--fa fa-chart-bar fa-w-16 fa-2x\"><path fill=\"currentColor\" d=\"M396.8 352h22.4c6.4 0 12.8-6.4 12.8-12.8V108.8c0-6.4-6.4-12.8-12.8-12.8h-22.4c-6.4 0-12.8 6.4-12.8 12.8v230.4c0 6.4 6.4 12.8 12.8 12.8zm-192 0h22.4c6.4 0 12.8-6.4 12.8-12.8V140.8c0-6.4-6.4-12.8-12.8-12.8h-22.4c-6.4 0-12.8 6.4-12.8 12.8v198.4c0 6.4 6.4 12.8 12.8 12.8zm96 0h22.4c6.4 0 12.8-6.4 12.8-12.8V204.8c0-6.4-6.4-12.8-12.8-12.8h-22.4c-6.4 0-12.8 6.4-12.8 12.8v134.4c0 6.4 6.4 12.8 12.8 12.8zM496 400H48V80c0-8.84-7.16-16-16-16H16C7.16 64 0 71.16 0 80v336c0 17.67 14.33 32 32 32h464c8.84 0 16-7.16 16-16v-16c0-8.84-7.16-16-16-16zm-387.2-48h22.4c6.4 0 12.8-6.4 12.8-12.8v-70.4c0-6.4-6.4-12.8-12.8-12.8h-22.4c-6.4 0-12.8 6.4-12.8 12.8v70.4c0 6.4 6.4 12.8 12.8 12.8z\" class=\"\"><\/path><\/svg><\/i> <img decoding=\"async\" width=\"16\" height=\"16\" alt=\"Loading\" src=\"https:\/\/www.iser.edu.co\/wp-content\/plugins\/page-views-count\/ajax-loader-2x.gif\" border=0 \/><\/p>\n<div class=\"pvc_clear\"><\/div>\n","protected":false},"author":5,"featured_media":26105,"comment_status":"open","ping_status":"open","sticky":false,"template":"","format":"standard","meta":{"_kadence_starter_templates_imported_post":false,"_kad_post_transparent":"","_kad_post_title":"","_kad_post_layout":"","_kad_post_sidebar_id":"","_kad_post_content_style":"","_kad_post_vertical_padding":"","_kad_post_feature":"","_kad_post_feature_position":"","_kad_post_header":false,"_kad_post_footer":false,"footnotes":""},"categories":[30],"tags":[31],"_links":{"self":[{"href":"https:\/\/www.iser.edu.co\/index.php\/wp-json\/wp\/v2\/posts\/26099"}],"collection":[{"href":"https:\/\/www.iser.edu.co\/index.php\/wp-json\/wp\/v2\/posts"}],"about":[{"href":"https:\/\/www.iser.edu.co\/index.php\/wp-json\/wp\/v2\/types\/post"}],"author":[{"embeddable":true,"href":"https:\/\/www.iser.edu.co\/index.php\/wp-json\/wp\/v2\/users\/5"}],"replies":[{"embeddable":true,"href":"https:\/\/www.iser.edu.co\/index.php\/wp-json\/wp\/v2\/comments?post=26099"}],"version-history":[{"count":4,"href":"https:\/\/www.iser.edu.co\/index.php\/wp-json\/wp\/v2\/posts\/26099\/revisions"}],"predecessor-version":[{"id":26108,"href":"https:\/\/www.iser.edu.co\/index.php\/wp-json\/wp\/v2\/posts\/26099\/revisions\/26108"}],"wp:featuredmedia":[{"embeddable":true,"href":"https:\/\/www.iser.edu.co\/index.php\/wp-json\/wp\/v2\/media\/26105"}],"wp:attachment":[{"href":"https:\/\/www.iser.edu.co\/index.php\/wp-json\/wp\/v2\/media?parent=26099"}],"wp:term":[{"taxonomy":"category","embeddable":true,"href":"https:\/\/www.iser.edu.co\/index.php\/wp-json\/wp\/v2\/categories?post=26099"},{"taxonomy":"post_tag","embeddable":true,"href":"https:\/\/www.iser.edu.co\/index.php\/wp-json\/wp\/v2\/tags?post=26099"}],"curies":[{"name":"wp","href":"https:\/\/api.w.org\/{rel}","templated":true}]}}